{"id":349,"date":"2025-01-03T13:43:42","date_gmt":"2025-01-03T12:43:42","guid":{"rendered":"https:\/\/leipzig.wordcamp.org\/2025\/?p=349"},"modified":"2025-01-07T11:46:07","modified_gmt":"2025-01-07T10:46:07","slug":"rueckblick-wcle24","status":"publish","type":"post","link":"https:\/\/leipzig.wordcamp.org\/2025\/rueckblick-wcle24\/","title":{"rendered":"#WCLE24: Eine minimalistische Reise durch die WordPress-Welt mit 8\u00a0\u00d7\u00a030 Minuten Power!"},"content":{"rendered":"\n<p class=\"wp-block-paragraph\">Am 20. April 2024 kehrte das Leipziger WordCamp als minimalistische Version des beliebten und weltweit bekannten WordCamps der WordPress-Foundation zur\u00fcck und bot den Teilnehmern eine einzigartige Reise durch die Welt des Open-Source-CMS WordPress. Unter dem Motto \u00bbEinfachheit als Ziel: Hohe Qualit\u00e4t trifft minimale Kosten\u00ab fand die Veranstaltung im charmanten Ost-Passage-Theater als MVP-Event statt, was Simon Kraft in seinem Recap charmant als das <a href=\"https:\/\/krautpress.de\/2024\/das-leipziger-modell\/\" target=\"_blank\" rel=\"noreferrer noopener\">#Leipziger Modell<\/a> bezeichnete.<\/p>\n\n\n\n<!--more-->\n\n\n\n<h3 class=\"wp-block-heading\">Einfachheit als Ziel: Hohe Qualit\u00e4t trifft minimale Kosten<\/h3>\n\n\n\n<p class=\"wp-block-paragraph\"><strong>MVP<\/strong> steht hier f\u00fcr <em>minimum viable Product<\/em> und ein MVP-Event entspricht im Kern den Mindestanforderungen, die die WordPress-Foundation an die Durchf\u00fchrung ihrer allseits beliebten WordCamps stellt. Die vier Organisatoren, angef\u00fchrt von Maik Bernstein, zeigten wieder mal, dass ein solches WordCamp nachhaltig und mit minimalem Aufwand sowie lokalen Partnern durchgef\u00fchrt werden kann. Der Erfolg der letztj\u00e4hrigen Pilotphase inspirierte die Organisatoren, einen Leitfaden f\u00fcr die Organisation minimaler WordCamps zu erstellen, der weltweit zur Nachahmung ermutigen soll.<\/p>\n\n\n\n<h3 class=\"wp-block-heading\">8&nbsp;\u00d7&nbsp;30 Minuten Power mit tollen Referenten und spannenden Vortr\u00e4gen<\/h3>\n\n\n\n<figure class=\"wp-block-image size-large\"><img data-recalc-dims=\"1\" loading=\"lazy\" decoding=\"async\" width=\"1024\" height=\"575\" src=\"https:\/\/i0.wp.com\/leipzig.wordcamp.org\/2025\/files\/2025\/01\/2024-08-06_09-58-57-1024x575-1.png?resize=1024%2C575&#038;ssl=1\" alt=\"Kosten f\u00fcr ein WordCamp - Vergleich durch Bernhard Kau\" class=\"wp-image-379\" srcset=\"https:\/\/i0.wp.com\/leipzig.wordcamp.org\/2025\/files\/2025\/01\/2024-08-06_09-58-57-1024x575-1.png?w=1024&amp;ssl=1 1024w, https:\/\/i0.wp.com\/leipzig.wordcamp.org\/2025\/files\/2025\/01\/2024-08-06_09-58-57-1024x575-1.png?resize=300%2C168&amp;ssl=1 300w, https:\/\/i0.wp.com\/leipzig.wordcamp.org\/2025\/files\/2025\/01\/2024-08-06_09-58-57-1024x575-1.png?resize=768%2C431&amp;ssl=1 768w, https:\/\/i0.wp.com\/leipzig.wordcamp.org\/2025\/files\/2025\/01\/2024-08-06_09-58-57-1024x575-1.png?resize=500%2C281&amp;ssl=1 500w\" sizes=\"auto, (max-width: 1000px) 100vw, 1000px\" \/><\/figure>\n\n\n\n<p class=\"wp-block-paragraph\"><br>Das WordCamp 2024 bot eine Vielzahl an Vortr\u00e4gen, die die Teilnehmer durch die Vergangenheit und Zukunft von WordPress f\u00fchrten.<\/p>\n\n\n\n<p class=\"wp-block-paragraph\">Als Auftakt beantwortet Christopher Kurth die wichtigste Frage vieler angehender Blog- und Foto-Publisher, n\u00e4mlich: Eine Webseite mit WordPress in 5 Minuten. Stimmt das? Es folgen die Vortr\u00e4ge von Bernhard Kau, der sich noch einmal intensiv mit den Formaten und Kosten von WordPress-Veranstaltungen weltweit auseinandersetzt und Simon Kraft, der unter dem Titel: Greener, Better, Faster, Stronger vorstellt, wie WordPress-Websites umweltfreundlicher und zuverl\u00e4ssiger werden k\u00f6nnen, indem man beim Betreiben CO\u2082-Emissionen beachtet und reduziert, denn wusstest du, dass eine Website bei 10.000 monatlichen Views unglaubliche 60&nbsp;kg CO\u2082 im Jahr produziert?<\/p>\n\n\n\n<p class=\"wp-block-paragraph\">Nach so viel Input gab es eine Stunde Mittagspause, die mit dem gemeinsamen Gruppenfoto aller Teilnehmenden begann. Danke an unseren Fotografen Karl, der das WP Meetup #Dresden organisiert und als Bildermann unterwegs ist.<\/p>\n\n\n\n<figure class=\"wp-block-image size-large\"><img data-recalc-dims=\"1\" loading=\"lazy\" decoding=\"async\" width=\"1024\" height=\"683\" src=\"https:\/\/i0.wp.com\/leipzig.wordcamp.org\/2025\/files\/2025\/01\/BILDERMANNs-Bilderwand-Praesentationsort-ausgewaehlter-Fotoarbeiten-des-Dresdner-Fotografen-und-bildenden-Kuenstlers-BILDERMANN-BBK-1024x683-1.jpg?resize=1024%2C683&#038;ssl=1\" alt=\"Gruppenfoto WordCamp Leipzig 2024 | Foto: BILDERMANNs Bilderwand - Pr\u00e4sentationsort ausgew\u00e4hlter Fotoarbeiten des Dresdner Fotografen und bildenden K\u00fcnstlers BILDERMANN \u00ae (BBK)\" class=\"wp-image-378\" srcset=\"https:\/\/i0.wp.com\/leipzig.wordcamp.org\/2025\/files\/2025\/01\/BILDERMANNs-Bilderwand-Praesentationsort-ausgewaehlter-Fotoarbeiten-des-Dresdner-Fotografen-und-bildenden-Kuenstlers-BILDERMANN-BBK-1024x683-1.jpg?w=1024&amp;ssl=1 1024w, https:\/\/i0.wp.com\/leipzig.wordcamp.org\/2025\/files\/2025\/01\/BILDERMANNs-Bilderwand-Praesentationsort-ausgewaehlter-Fotoarbeiten-des-Dresdner-Fotografen-und-bildenden-Kuenstlers-BILDERMANN-BBK-1024x683-1.jpg?resize=300%2C200&amp;ssl=1 300w, https:\/\/i0.wp.com\/leipzig.wordcamp.org\/2025\/files\/2025\/01\/BILDERMANNs-Bilderwand-Praesentationsort-ausgewaehlter-Fotoarbeiten-des-Dresdner-Fotografen-und-bildenden-Kuenstlers-BILDERMANN-BBK-1024x683-1.jpg?resize=768%2C512&amp;ssl=1 768w, https:\/\/i0.wp.com\/leipzig.wordcamp.org\/2025\/files\/2025\/01\/BILDERMANNs-Bilderwand-Praesentationsort-ausgewaehlter-Fotoarbeiten-des-Dresdner-Fotografen-und-bildenden-Kuenstlers-BILDERMANN-BBK-1024x683-1.jpg?resize=450%2C300&amp;ssl=1 450w\" sizes=\"auto, (max-width: 1000px) 100vw, 1000px\" \/><figcaption class=\"wp-element-caption\">Gruppenfoto WordCamp Leipzig 2024 | Foto: BILDERMANNs Bilderwand &#8211; Pr\u00e4sentationsort ausgew\u00e4hlter Fotoarbeiten des Dresdner Fotografen und bildenden K\u00fcnstlers BILDERMANN \u00ae (BBK)<\/figcaption><\/figure>\n\n\n\n<p class=\"wp-block-paragraph\">Frisch gest\u00e4rkt er\u00f6ffnet den fr\u00fchen Nachmittag Hans-Gerd Gerhards mit seinem Vortrag zu Layouts mit dem Block-Editor \/ GenerateBlocks. Live und sehr praktisch wurde anhand verschiedener fertiger Layouts pr\u00e4sentiert, wie man die Bl\u00f6cke verwenden kann, um moderne Layouts ohne viel CSS zu erstellen.<\/p>\n\n\n\n<p class=\"wp-block-paragraph\">Im Anschluss sprach Johannes Mairhofer \u00fcber das vielleicht wichtigste Thema f\u00fcr alle Websites, n\u00e4mlich \u201eWie erreicht deine Website die digitale Barrierefreiheit?\u201c. Ziel ist es, Einschr\u00e4nkungen f\u00fcr alle aufzuheben, um die selbstbestimmte Nutzung von Websites, Dienstleistungen und Produkten zu verbessern und zu erm\u00f6glichen. Sp\u00e4testens mit dem Barrierefreiheitsst\u00e4rkungsgesetz (<a href=\"https:\/\/www.bmas.de\/DE\/Service\/Gesetze-und-Gesetzesvorhaben\/barrierefreiheitsstaerkungsgesetz.html\" target=\"_blank\" rel=\"noreferrer noopener\">BFSG<\/a>) 2025 wird es f\u00fcr viele Produkte und Dienstleistungen Pflicht in Deutschland.<\/p>\n\n\n\n<h3 class=\"wp-block-heading\">Mehr als nur Frauenquote \u2013 Diversit\u00e4t und Balance auf WordPress-Veranstaltungen<\/h3>\n\n\n\n<p class=\"wp-block-paragraph\">Nach einer knackigen Kuchenpause geht es mit neuer Energie direkt weiter mit dem Vortrag von Birgit Pauli Hack mit dem Titel \u201eNutze das Create Block Theme Plugin, um Themes zusammenzustellen\u201c. Birgit ist eine der wenigen vortragenden Frauen der Community, die immer wieder gern angefragt werden, was unweigerlich die, diesj\u00e4hrig berechtigterweise kritisierte, fehlende Balance zwischen vortragenden Frauen und M\u00e4nnern auf den Tisch bringt.<\/p>\n\n\n\n<p class=\"wp-block-paragraph\">Die F\u00f6rderung von Vielfalt ist ein zentrales Thema bei WordPress-Veranstaltungen. Seit 2006 sind WordCamps als informelle Veranstaltungen etabliert, die von Freiwilligen organisiert werden und das Ziel haben, WordPress-Interessierte zu vernetzen. Das Konzept, entwickelt von WordPress-Erfinder Matt Mullenweg, ist stark reglementiert und bietet eine Plattform f\u00fcr den Austausch rund um WordPress. Ideal sind Veranstaltungen, bei denen mindestens die H\u00e4lfte der Vortr\u00e4ge von Frauen gehalten wird, und auch im Organisationsteam wird weibliche Beteiligung gesch\u00e4tzt.<\/p>\n\n\n\n<p class=\"wp-block-paragraph\">Vielfalt bedeutet jedoch mehr als nur Geschlechterparit\u00e4t: WordPress-Events sollen die gesamte Gesellschaft widerspiegeln. Die geforderte Balance zwischen verschiedenen Aspekten wie Sprecherherkunft, Inhalten, Kosten und Teilnehmererfahrungen ist herausfordernd.<\/p>\n\n\n\n<p class=\"wp-block-paragraph\">Als Orga-Team muss man oft damit leben, dass sich z.&nbsp;B. mehr nationale und internationale Speaker:Innen bewerben als regionale oder lokale. Das macht es schwierig, das im Handbuch geforderte Verh\u00e4ltnis von 20:80 zu erf\u00fcllen. Deswegen sollten Frauen nicht gezwungen werden, Vortr\u00e4ge zu halten, und spannende Beitr\u00e4ge sollten unabh\u00e4ngig vom Geschlecht der Sprecher akzeptiert werden. Man nimmt sich als Orga-Team immer vor, die bestm\u00f6gliche Veranstaltungen mit Hinblick auf die Erwartungen von Foundation, Location und Teilnehmenden zu erf\u00fcllen und man w\u00e4chst mit jeder Organisation weiter.<\/p>\n\n\n\n<h3 class=\"wp-block-heading\">Je sp\u00e4ter der Abend&nbsp;\u2026 Patrick Posner und Gordon B\u00f6hme runden den Tag ab!<\/h3>\n\n\n\n<p class=\"wp-block-paragraph\">Viele WordPress-Seiten, wie die vom ber\u00fchmten Wei\u00dfen Haus in Washington D. C., laufen t\u00e4glich unter Volllast. Um die Performance zu verbessern und die Seite dadurch f\u00fcr Besucher noch attraktiver zu machen, sind kurze Ladezeiten das A und O.. Patrick Posner pr\u00e4sentiert in seinem Vortrag, welche Vor- und Nachteile es hat, aus seinem WordPress eine statische Webseite zu machen.<\/p>\n\n\n\n<p class=\"wp-block-paragraph\">Wie man dann letztlich auch noch mit Transparenz und Vertrauen zum Experten f\u00fcr andere wird, zeigt uns Gordon B\u00f6hme, der das WordPress-Meetup in Halle (an der Saale) organisiert. In seinem Vortrag geht er auf die F\u00fclle von automatisierten, nahezu kostenfreien Inhalten ein, die t\u00e4glich das Web fluten und die Suchergebnisse verw\u00e4ssern. Leute, es wird Zeit, sich zu positionieren und so den Erfolg der eigenen Website l\u00e4ngerfristig zu sichern! Mit diesen eindringlichen Worten f\u00fchrt uns Gordon direkt zum Abschluss der Veranstaltung. Der Vorhang f\u00fcr das MVP-WordCamp Leipzig 2024 im Ost-Passage-Theater f\u00e4llt leise und wir machen uns direkt auf zur minimalistischen After-Show-Party am selbst gebauten, urigen Tresen.<\/p>\n\n\n\n<p class=\"wp-block-paragraph\">\u00dcber:<\/p>\n\n\n\n<ul class=\"wp-block-list\">\n<li><strong>WordPress-Foundation:<\/strong> Gegr\u00fcndet 2010, sch\u00fctzt die Foundation die Marke und Interessen von WordPress und erm\u00f6glicht weltweit Veranstaltungen wie WordCamps.<\/li>\n\n\n\n<li><strong>Ost-Passage Theater e.&nbsp;V.:<\/strong> Das Theater im Leipziger Osten bietet auf 70 qm bis zu 96 Pl\u00e4tze und f\u00f6rdert kulturelle Veranstaltungen in einem besonderen Ambiente.<\/li>\n\n\n\n<li><strong>Barrierefreiheit:<\/strong> Leider ist der Veranstaltungsort nicht barrierefrei zug\u00e4nglich, was f\u00fcr k\u00f6rperlich eingeschr\u00e4nkte Personen eine Herausforderung darstellt.<\/li>\n<\/ul>\n\n\n\n<p class=\"wp-block-paragraph\">Weitere Informationen und Impressionen zu vergangenen WordCamps finden sich auf den Webseiten der WordPress-Foundation und anderer WordCamp-Veranstaltungen.<\/p>\n\n\n\n<p class=\"wp-block-paragraph\"><\/p>\n","protected":false},"excerpt":{"rendered":"<p>Am 20. April 2024 fand das minimalistische WordCamp Leipzig im Ost-Passage-Theater statt, geleitet von Maik Bernstein und Team. Das Event, das hohe Qualit\u00e4t bei minimalen Kosten anstrebte, bot interessante Vortr\u00e4ge \u00fcber WordPress, digitale Barrierefreiheit und Diversit\u00e4t. Es schloss mit einer After-Show-Party, trotz Herausforderungen hinsichtlich Zug\u00e4nglichkeit.<\/p>\n","protected":false},"author":18103420,"featured_media":191,"comment_status":"open","ping_status":"open","sticky":false,"template":"","format":"standard","meta":{"_crdt_document":"","advanced_seo_description":"","jetpack_seo_html_title":"","jetpack_seo_noindex":false,"jetpack_post_was_ever_published":false,"_jetpack_newsletter_access":"","_jetpack_dont_email_post_to_subs":false,"_jetpack_newsletter_tier_id":0,"_jetpack_memberships_contains_paywalled_content":false,"_jetpack_memberships_contains_paid_content":false,"footnotes":""},"categories":[1],"tags":[],"class_list":["post-349","post","type-post","status-publish","format-standard","has-post-thumbnail","hentry","category-uncategorized"],"jetpack_featured_media_url":"https:\/\/i0.wp.com\/leipzig.wordcamp.org\/2025\/files\/2024\/09\/BILDERMANNs-Bilderwand-Praesentationsort-ausgewaehlter-Fotoarbeiten-des-Dresdner-Fotografen-und-bildenden-Kuenstlers-BILDERMANN-BBK.jpg?fit=1200%2C800&ssl=1","jetpack_sharing_enabled":true,"jetpack_likes_enabled":true,"_links":{"self":[{"href":"https:\/\/leipzig.wordcamp.org\/2025\/wp-json\/wp\/v2\/posts\/349","targetHints":{"allow":["GET"]}}],"collection":[{"href":"https:\/\/leipzig.wordcamp.org\/2025\/wp-json\/wp\/v2\/posts"}],"about":[{"href":"https:\/\/leipzig.wordcamp.org\/2025\/wp-json\/wp\/v2\/types\/post"}],"author":[{"embeddable":true,"href":"https:\/\/leipzig.wordcamp.org\/2025\/wp-json\/wp\/v2\/users\/18103420"}],"replies":[{"embeddable":true,"href":"https:\/\/leipzig.wordcamp.org\/2025\/wp-json\/wp\/v2\/comments?post=349"}],"version-history":[{"count":5,"href":"https:\/\/leipzig.wordcamp.org\/2025\/wp-json\/wp\/v2\/posts\/349\/revisions"}],"predecessor-version":[{"id":442,"href":"https:\/\/leipzig.wordcamp.org\/2025\/wp-json\/wp\/v2\/posts\/349\/revisions\/442"}],"wp:featuredmedia":[{"embeddable":true,"href":"https:\/\/leipzig.wordcamp.org\/2025\/wp-json\/wp\/v2\/media\/191"}],"wp:attachment":[{"href":"https:\/\/leipzig.wordcamp.org\/2025\/wp-json\/wp\/v2\/media?parent=349"}],"wp:term":[{"taxonomy":"category","embeddable":true,"href":"https:\/\/leipzig.wordcamp.org\/2025\/wp-json\/wp\/v2\/categories?post=349"},{"taxonomy":"post_tag","embeddable":true,"href":"https:\/\/leipzig.wordcamp.org\/2025\/wp-json\/wp\/v2\/tags?post=349"}],"curies":[{"name":"wp","href":"https:\/\/api.w.org\/{rel}","templated":true}]}}